{"id":660,"date":"2026-02-26T20:45:16","date_gmt":"2026-02-26T19:45:16","guid":{"rendered":"https:\/\/autoeastern.com.ec\/s-oilseven-ecuador\/?p=660"},"modified":"2026-02-26T21:04:01","modified_gmt":"2026-02-26T20:04:01","slug":"podio-en-paute-s-oil-seven-brilla-en-la-1era-valida-del-campeonato-nacional","status":"publish","type":"post","link":"https:\/\/autoeastern.com.ec\/s-oilseven-ecuador\/index.php\/2026\/02\/26\/podio-en-paute-s-oil-seven-brilla-en-la-1era-valida-del-campeonato-nacional\/","title":{"rendered":"\u00a1Podio en Paute! S-OIL SEVEN brilla en la 1era V\u00e1lida del Campeonato Nacional"},"content":{"rendered":"\t\t<div data-elementor-type=\"wp-post\" data-elementor-id=\"660\" class=\"elementor elementor-660\" data-elementor-post-type=\"post\">\n\t\t\t\t<div class=\"elementor-element elementor-element-2a353ff e-flex e-con-boxed e-con e-parent\" data-id=\"2a353ff\" data-element_type=\"container\" data-e-type=\"container\">\n\t\t\t\t\t<div class=\"e-con-inner\">\n\t\t\t\t<div class=\"elementor-element elementor-element-40f87eb elementor-widget elementor-widget-heading\" data-id=\"40f87eb\" data-element_type=\"widget\" data-e-type=\"widget\" data-widget_type=\"heading.default\">\n\t\t\t\t\t<h2 class=\"elementor-heading-title elementor-size-default\">\u00a1Podio en Paute! S-OIL SEVEN brilla en la 1era V\u00e1lida del Campeonato Nacional<\/h2>\t\t\t\t<\/div>\n\t\t\t\t<div class=\"elementor-element elementor-element-ec5740b elementor-widget elementor-widget-text-editor\" data-id=\"ec5740b\" data-element_type=\"widget\" data-e-type=\"widget\" data-widget_type=\"text-editor.default\">\n\t\t\t\t\t\t\t\t\tEl rugido de los motores volvi\u00f3 a sentirse con fuerza en las calles y circuitos de Azuay. El pasado 20 y 21 de febrero, se llev\u00f3 a cabo el esperado Gran Premio Ciudad de Paute 2026, un evento que marc\u00f3 el inicio oficial del automovilismo de velocidad en el pa\u00eds.\nEn una jornada cargada de adrenalina y mucha estrategia, el equipo auspiciado por S-OIL SEVEN y Aramco demostr\u00f3 que viene con todo para esta temporada, logrando un espectacular segundo lugar en su categor\u00eda.\t\t\t\t\t\t\t\t<\/div>\n\t\t<div class=\"elementor-element elementor-element-8591ea1 e-con-full e-flex e-con e-child\" data-id=\"8591ea1\" data-element_type=\"container\" data-e-type=\"container\">\n\t\t<div class=\"elementor-element elementor-element-1462e53 e-con-full e-flex e-con e-child\" data-id=\"1462e53\" data-element_type=\"container\" data-e-type=\"container\">\n\t\t\t\t<div class=\"elementor-element elementor-element-d275617 elementor-widget elementor-widget-image\" data-id=\"d275617\" data-element_type=\"widget\" data-e-type=\"widget\" data-widget_type=\"image.default\">\n\t\t\t\t\t\t\t\t\t\t\t\t\t\t\t<img fetchpriority=\"high\" decoding=\"async\" width=\"1280\" height=\"1600\" src=\"https:\/\/autoeastern.com.ec\/s-oilseven-ecuador\/wp-content\/uploads\/2026\/02\/img1.jpg\" class=\"attachment-full size-full wp-image-664\" alt=\"Placa oficial del Gran Premio Ciudad de Paute 2026, 1era V\u00e1lida del Campeonato Nacional y Provincial de Circuitos en Ecuador.\" srcset=\"https:\/\/autoeastern.com.ec\/s-oilseven-ecuador\/wp-content\/uploads\/2026\/02\/img1.jpg 1280w, https:\/\/autoeastern.com.ec\/s-oilseven-ecuador\/wp-content\/uploads\/2026\/02\/img1-240x300.jpg 240w, https:\/\/autoeastern.com.ec\/s-oilseven-ecuador\/wp-content\/uploads\/2026\/02\/img1-819x1024.jpg 819w, https:\/\/autoeastern.com.ec\/s-oilseven-ecuador\/wp-content\/uploads\/2026\/02\/img1-768x960.jpg 768w, https:\/\/autoeastern.com.ec\/s-oilseven-ecuador\/wp-content\/uploads\/2026\/02\/img1-1229x1536.jpg 1229w\" sizes=\"(max-width: 1280px) 100vw, 1280px\" \/>\t\t\t\t\t\t\t\t\t\t\t\t\t\t\t<\/div>\n\t\t\t\t<\/div>\n\t\t<div class=\"elementor-element elementor-element-af2549d e-con-full e-flex e-con e-child\" data-id=\"af2549d\" data-element_type=\"container\" data-e-type=\"container\">\n\t\t\t\t<div class=\"elementor-element elementor-element-08ce6ce elementor-widget elementor-widget-image\" data-id=\"08ce6ce\" data-element_type=\"widget\" data-e-type=\"widget\" data-widget_type=\"image.default\">\n\t\t\t\t\t\t\t\t\t\t\t\t\t\t\t<img decoding=\"async\" width=\"1599\" height=\"899\" src=\"https:\/\/autoeastern.com.ec\/s-oilseven-ecuador\/wp-content\/uploads\/2026\/02\/img2.jpg\" class=\"attachment-full size-full wp-image-665\" alt=\"Veh\u00edculo de carreras verde bajo carpa de S-OIL SEVEN y Aramco en los pits del Gran Premio Ciudad de Paute 2026.\" srcset=\"https:\/\/autoeastern.com.ec\/s-oilseven-ecuador\/wp-content\/uploads\/2026\/02\/img2.jpg 1599w, https:\/\/autoeastern.com.ec\/s-oilseven-ecuador\/wp-content\/uploads\/2026\/02\/img2-300x169.jpg 300w, https:\/\/autoeastern.com.ec\/s-oilseven-ecuador\/wp-content\/uploads\/2026\/02\/img2-1024x576.jpg 1024w, https:\/\/autoeastern.com.ec\/s-oilseven-ecuador\/wp-content\/uploads\/2026\/02\/img2-768x432.jpg 768w, https:\/\/autoeastern.com.ec\/s-oilseven-ecuador\/wp-content\/uploads\/2026\/02\/img2-1536x864.jpg 1536w\" sizes=\"(max-width: 1599px) 100vw, 1599px\" \/>\t\t\t\t\t\t\t\t\t\t\t\t\t\t\t<\/div>\n\t\t\t\t<\/div>\n\t\t\t\t<\/div>\n\t\t\t\t<div class=\"elementor-element elementor-element-9a137ef elementor-widget elementor-widget-text-editor\" data-id=\"9a137ef\" data-element_type=\"widget\" data-e-type=\"widget\" data-widget_type=\"text-editor.default\">\n\t\t\t\t\t\t\t\t\tEl rugido de los motores volvi\u00f3 a sentirse con fuerza en las calles y circuitos de Azuay. El pasado 20 y 21 de febrero, se llev\u00f3 a cabo el esperado Gran Premio Ciudad de Paute 2026, un evento que marc\u00f3 el inicio oficial del automovilismo de velocidad en el pa\u00eds.\nEn una jornada cargada de adrenalina y mucha estrategia, el equipo auspiciado por S-OIL SEVEN y Aramco demostr\u00f3 que viene con todo para esta temporada, logrando un espectacular segundo lugar en su categor\u00eda.\t\t\t\t\t\t\t\t<\/div>\n\t\t<div class=\"elementor-element elementor-element-9835ab3 e-con-full e-flex e-con e-child\" data-id=\"9835ab3\" data-element_type=\"container\" data-e-type=\"container\">\n\t\t<div class=\"elementor-element elementor-element-b777690 e-con-full e-flex e-con e-child\" data-id=\"b777690\" data-element_type=\"container\" data-e-type=\"container\">\n\t\t\t\t<div class=\"elementor-element elementor-element-c0cc644 elementor-widget elementor-widget-image\" data-id=\"c0cc644\" data-element_type=\"widget\" data-e-type=\"widget\" data-widget_type=\"image.default\">\n\t\t\t\t\t\t\t\t\t\t\t\t\t\t\t<img decoding=\"async\" width=\"1599\" height=\"899\" src=\"https:\/\/autoeastern.com.ec\/s-oilseven-ecuador\/wp-content\/uploads\/2026\/02\/img3.jpg\" class=\"attachment-full size-full wp-image-666\" alt=\"Auto de carreras del equipo S-OIL SEVEN exhibido bajo carpa iluminada durante la noche en el Gran Premio Ciudad de Paute.\" srcset=\"https:\/\/autoeastern.com.ec\/s-oilseven-ecuador\/wp-content\/uploads\/2026\/02\/img3.jpg 1599w, https:\/\/autoeastern.com.ec\/s-oilseven-ecuador\/wp-content\/uploads\/2026\/02\/img3-300x169.jpg 300w, https:\/\/autoeastern.com.ec\/s-oilseven-ecuador\/wp-content\/uploads\/2026\/02\/img3-1024x576.jpg 1024w, https:\/\/autoeastern.com.ec\/s-oilseven-ecuador\/wp-content\/uploads\/2026\/02\/img3-768x432.jpg 768w, https:\/\/autoeastern.com.ec\/s-oilseven-ecuador\/wp-content\/uploads\/2026\/02\/img3-1536x864.jpg 1536w\" sizes=\"(max-width: 1599px) 100vw, 1599px\" \/>\t\t\t\t\t\t\t\t\t\t\t\t\t\t\t<\/div>\n\t\t\t\t<\/div>\n\t\t<div class=\"elementor-element elementor-element-a49f24c e-con-full e-flex e-con e-child\" data-id=\"a49f24c\" data-element_type=\"container\" data-e-type=\"container\">\n\t\t\t\t<div class=\"elementor-element elementor-element-3d38305 elementor-widget elementor-widget-image\" data-id=\"3d38305\" data-element_type=\"widget\" data-e-type=\"widget\" data-widget_type=\"image.default\">\n\t\t\t\t\t\t\t\t\t\t\t\t\t\t\t<img loading=\"lazy\" decoding=\"async\" width=\"1600\" height=\"1066\" src=\"https:\/\/autoeastern.com.ec\/s-oilseven-ecuador\/wp-content\/uploads\/2026\/02\/img4.jpg\" class=\"attachment-full size-full wp-image-667\" alt=\"Competencia de automovilismo en el Gran Premio Ciudad de Paute 2026 con el auto verde de S-OIL SEVEN recorriendo el circuito urbano.\" srcset=\"https:\/\/autoeastern.com.ec\/s-oilseven-ecuador\/wp-content\/uploads\/2026\/02\/img4.jpg 1600w, https:\/\/autoeastern.com.ec\/s-oilseven-ecuador\/wp-content\/uploads\/2026\/02\/img4-300x200.jpg 300w, https:\/\/autoeastern.com.ec\/s-oilseven-ecuador\/wp-content\/uploads\/2026\/02\/img4-1024x682.jpg 1024w, https:\/\/autoeastern.com.ec\/s-oilseven-ecuador\/wp-content\/uploads\/2026\/02\/img4-768x512.jpg 768w, https:\/\/autoeastern.com.ec\/s-oilseven-ecuador\/wp-content\/uploads\/2026\/02\/img4-1536x1023.jpg 1536w\" sizes=\"(max-width: 1600px) 100vw, 1600px\" \/>\t\t\t\t\t\t\t\t\t\t\t\t\t\t\t<\/div>\n\t\t\t\t<\/div>\n\t\t\t\t<\/div>\n\t\t\t\t<div class=\"elementor-element elementor-element-8f68db3 elementor-widget elementor-widget-text-editor\" data-id=\"8f68db3\" data-element_type=\"widget\" data-e-type=\"widget\" data-widget_type=\"text-editor.default\">\n\t\t\t\t\t\t\t\t\t<h3>Trabajo en equipo y pasi\u00f3n<\/h3><p>Detr\u00e1s de este trofeo hay un equipo humano incansable. Desde la preparaci\u00f3n en los Pits bajo el soporte de Auto Eastern y Asiauto, hasta la pericia de los pilotos que supieron gestionar cada curva para meterse en los puestos de vanguardia.<br \/>Este segundo lugar no es solo un trofeo m\u00e1s, sino la confirmaci\u00f3n de que la calidad de los lubricantes de \u00faltima generaci\u00f3n y el talento local son la combinaci\u00f3n perfecta para alcanzar el \u00e9xito en el automovilismo ecuatoriano.<\/p>\t\t\t\t\t\t\t\t<\/div>\n\t\t\t\t\t<\/div>\n\t\t\t\t<\/div>\n\t\t\t\t<\/div>\n\t\t","protected":false},"excerpt":{"rendered":"<p>El rugido de los motores volvi\u00f3 a sentirse con fuerza en las calles y circuitos de Azuay. El pasado 20 y 21 de febrero, se llev\u00f3 a cabo el esperado Gran Premio Ciudad de Paute 2026, un evento que marc\u00f3 el inicio oficial del automovilismo de velocidad en el pa\u00eds. En una jornada cargada de [&hellip;]<\/p>\n","protected":false},"author":1,"featured_media":671,"comment_status":"open","ping_status":"open","sticky":false,"template":"elementor_header_footer","format":"standard","meta":{"footnotes":""},"categories":[1],"tags":[],"class_list":["post-660","post","type-post","status-publish","format-standard","has-post-thumbnail","hentry","category-sin-categoria"],"_links":{"self":[{"href":"https:\/\/autoeastern.com.ec\/s-oilseven-ecuador\/index.php\/wp-json\/wp\/v2\/posts\/660","targetHints":{"allow":["GET"]}}],"collection":[{"href":"https:\/\/autoeastern.com.ec\/s-oilseven-ecuador\/index.php\/wp-json\/wp\/v2\/posts"}],"about":[{"href":"https:\/\/autoeastern.com.ec\/s-oilseven-ecuador\/index.php\/wp-json\/wp\/v2\/types\/post"}],"author":[{"embeddable":true,"href":"https:\/\/autoeastern.com.ec\/s-oilseven-ecuador\/index.php\/wp-json\/wp\/v2\/users\/1"}],"replies":[{"embeddable":true,"href":"https:\/\/autoeastern.com.ec\/s-oilseven-ecuador\/index.php\/wp-json\/wp\/v2\/comments?post=660"}],"version-history":[{"count":4,"href":"https:\/\/autoeastern.com.ec\/s-oilseven-ecuador\/index.php\/wp-json\/wp\/v2\/posts\/660\/revisions"}],"predecessor-version":[{"id":670,"href":"https:\/\/autoeastern.com.ec\/s-oilseven-ecuador\/index.php\/wp-json\/wp\/v2\/posts\/660\/revisions\/670"}],"wp:featuredmedia":[{"embeddable":true,"href":"https:\/\/autoeastern.com.ec\/s-oilseven-ecuador\/index.php\/wp-json\/wp\/v2\/media\/671"}],"wp:attachment":[{"href":"https:\/\/autoeastern.com.ec\/s-oilseven-ecuador\/index.php\/wp-json\/wp\/v2\/media?parent=660"}],"wp:term":[{"taxonomy":"category","embeddable":true,"href":"https:\/\/autoeastern.com.ec\/s-oilseven-ecuador\/index.php\/wp-json\/wp\/v2\/categories?post=660"},{"taxonomy":"post_tag","embeddable":true,"href":"https:\/\/autoeastern.com.ec\/s-oilseven-ecuador\/index.php\/wp-json\/wp\/v2\/tags?post=660"}],"curies":[{"name":"wp","href":"https:\/\/api.w.org\/{rel}","templated":true}]}}